{"id":464,"date":"2015-01-13T20:28:54","date_gmt":"2015-01-13T20:28:54","guid":{"rendered":"http:\/\/www.novosconfidentes.com.br\/blog\/?p=464"},"modified":"2015-01-13T21:01:22","modified_gmt":"2015-01-13T21:01:22","slug":"464","status":"publish","type":"post","link":"https:\/\/www.novosconfidentes.com.br\/blog\/464\/","title":{"rendered":"Homenagem P\u00f3stuma &#8211; F\u00e1bio Mercadante"},"content":{"rendered":"<p>Em 24\/12\/2014 perdemos nosso irm\u00e3o F\u00e1bio Murilo Grossi Mercadante.<br \/>\n<code><br \/>\nPela pessoa que era, sabemos que o GADU reservou um lugar especial para ele no Oriente Eterno e que de l\u00e1 ele est\u00e1 guiando os passos das pessoas queridas que deixou aqui, dando for\u00e7a e tranquilidade para sua esposa C\u00e1ssia e sua pequena filha Maria Clara.<\/code><\/p>\n<p>O irm\u00e3o F\u00e1bio Murilo Grossi Mercadante foi Iniciado em nossa Loja no dia 28\/04\/1998, Elevado em 24\/11\/1998 e Exaltado em 25\/05\/1999.<\/p>\n<p>Obreiro ass\u00edduo e companheiro, o irm\u00e3o F\u00e1bio participou ativamente das atividades da Loja enquanto esteve morando em Belo Horizonte.<\/p>\n<p>Ap\u00f3s seu casamento com a cunhada C\u00e1ssia Mercadante, o irm\u00e3o F\u00e1bio precisou mudar para o Oriente de Bras\u00edlia, por motivos profissionais, quando ent\u00e3o em 30\/03\/2001 solicitou seu Quit Placet.<\/p>\n<p>No Oriente de Bras\u00edlia o irm\u00e3o F\u00e1bio rapidamente filiou-se a Loja Cruzeiro do Sul \u2013 N\u00ba 09 onde continuou seu trabalho como construtor social.<\/p>\n<p>Gerente de Planejamento Financeiro e SPB &#8211; Bancoob S\/A foi dedicado ao trabalho, em fazer o bem, \u00e0 sua fam\u00edlia e a nossa Ordem.<\/p>\n<p>Por sua tranquilidade, carisma e l\u00f3gico &#8220;semelhan\u00e7a&#8221;, foi apelidado na Loja Novos Confidentes, logo no dia de sua inicia\u00e7\u00e3o, com o &#8220;titulo&#8221; de &#8220;Padre Marcelo&#8221; e assim ficou eternamente &#8220;batizado&#8221; em nosso quadro de obreiros.<\/p>\n<p>A Loja Novos Confidentes registra aqui seu pesar pela morte do Obreiro amigo que foi o irm\u00e3o F\u00e1bio, que sempre visitou sua Loja \u201cm\u00e3e\u201d e manteve-se de prontid\u00e3o para atender os irm\u00e3os, tanto em Bras\u00edlia, como em Belo Horizonte.<\/p>\n<p>Que o GADU ilumine a passagem de nosso querido &#8220;Padre Marcelo&#8221; para o Oriente Eterno e ampare os cora\u00e7\u00f5es de sua esposa e filha.<\/p>\n<p>&nbsp;<\/p>\n<p><a href=\"http:\/\/www.novosconfidentes.com.br\/blog\/wp-content\/uploads\/2015\/01\/Image00001.jpg\"><img loading=\"lazy\" class=\"alignnone size-thumbnail wp-image-465\" src=\"http:\/\/www.novosconfidentes.com.br\/blog\/wp-content\/uploads\/2015\/01\/Image00001-150x150.jpg\" alt=\"Image00001\" width=\"150\" height=\"150\" \/><\/a><\/p>\n<p><a href=\"http:\/\/www.novosconfidentes.com.br\/blog\/wp-content\/uploads\/2015\/01\/Image00002.jpg\"><img loading=\"lazy\" class=\"alignnone size-thumbnail wp-image-466\" src=\"http:\/\/www.novosconfidentes.com.br\/blog\/wp-content\/uploads\/2015\/01\/Image00002-150x150.jpg\" alt=\"Image00002\" width=\"150\" height=\"150\" \/><\/a><\/p>\n<p><a href=\"http:\/\/www.novosconfidentes.com.br\/blog\/wp-content\/uploads\/2015\/01\/Image00004.jpg\"><img loading=\"lazy\" class=\"alignnone size-thumbnail wp-image-468\" src=\"http:\/\/www.novosconfidentes.com.br\/blog\/wp-content\/uploads\/2015\/01\/Image00004-150x150.jpg\" alt=\"Image00004\" width=\"150\" height=\"150\" \/><\/a><\/p>\n<p><a href=\"http:\/\/www.novosconfidentes.com.br\/blog\/wp-content\/uploads\/2015\/01\/Image00005.jpg\"><img loading=\"lazy\" class=\"alignnone size-thumbnail wp-image-469\" src=\"http:\/\/www.novosconfidentes.com.br\/blog\/wp-content\/uploads\/2015\/01\/Image00005-150x150.jpg\" alt=\"Image00005\" width=\"150\" height=\"150\" \/><\/a><\/p>\n<p><a href=\"http:\/\/www.novosconfidentes.com.br\/blog\/wp-content\/uploads\/2015\/01\/Image00006.jpg\"><img loading=\"lazy\" class=\"alignnone size-thumbnail wp-image-470\" src=\"http:\/\/www.novosconfidentes.com.br\/blog\/wp-content\/uploads\/2015\/01\/Image00006-150x150.jpg\" alt=\"Image00006\" width=\"150\" height=\"150\" srcset=\"https:\/\/www.novosconfidentes.com.br\/blog\/wp-content\/uploads\/2015\/01\/Image00006-150x150.jpg 150w, https:\/\/www.novosconfidentes.com.br\/blog\/wp-content\/uploads\/2015\/01\/Image00006-300x300.jpg 300w, https:\/\/www.novosconfidentes.com.br\/blog\/wp-content\/uploads\/2015\/01\/Image00006.jpg 480w\" sizes=\"(max-width: 150px) 100vw, 150px\" \/><\/a><\/p>\n<div class=\"fb_wrap\"><a class=\"fb_link\" onclick=\"fbs_click('https:\/\/www.novosconfidentes.com.br\/blog\/464','');return false;\" href=\"#\">Envie  Facebook<\/a><\/div>","protected":false},"excerpt":{"rendered":"<p>Em 24\/12\/2014 perdemos nosso irm\u00e3o F\u00e1bio Murilo Grossi Mercadante. Pela pessoa que era, sabemos que o GADU reservou um lugar especial para ele no Oriente Eterno e que de l\u00e1 ele est\u00e1 guiando os passos das pessoas queridas que deixou aqui, dando for\u00e7a e tranquilidade para sua esposa C\u00e1ssia e sua pequena filha Maria Clara. [&hellip;]<\/p>\n","protected":false},"author":1,"featured_media":0,"comment_status":"closed","ping_status":"closed","sticky":false,"template":"","format":"standard","meta":[],"categories":[9],"tags":[],"_links":{"self":[{"href":"https:\/\/www.novosconfidentes.com.br\/blog\/wp-json\/wp\/v2\/posts\/464"}],"collection":[{"href":"https:\/\/www.novosconfidentes.com.br\/blog\/wp-json\/wp\/v2\/posts"}],"about":[{"href":"https:\/\/www.novosconfidentes.com.br\/blog\/wp-json\/wp\/v2\/types\/post"}],"author":[{"embeddable":true,"href":"https:\/\/www.novosconfidentes.com.br\/blog\/wp-json\/wp\/v2\/users\/1"}],"replies":[{"embeddable":true,"href":"https:\/\/www.novosconfidentes.com.br\/blog\/wp-json\/wp\/v2\/comments?post=464"}],"version-history":[{"count":7,"href":"https:\/\/www.novosconfidentes.com.br\/blog\/wp-json\/wp\/v2\/posts\/464\/revisions"}],"predecessor-version":[{"id":477,"href":"https:\/\/www.novosconfidentes.com.br\/blog\/wp-json\/wp\/v2\/posts\/464\/revisions\/477"}],"wp:attachment":[{"href":"https:\/\/www.novosconfidentes.com.br\/blog\/wp-json\/wp\/v2\/media?parent=464"}],"wp:term":[{"taxonomy":"category","embeddable":true,"href":"https:\/\/www.novosconfidentes.com.br\/blog\/wp-json\/wp\/v2\/categories?post=464"},{"taxonomy":"post_tag","embeddable":true,"href":"https:\/\/www.novosconfidentes.com.br\/blog\/wp-json\/wp\/v2\/tags?post=464"}],"curies":[{"name":"wp","href":"https:\/\/api.w.org\/{rel}","templated":true}]}}