{"id":485,"date":"2015-01-15T18:20:16","date_gmt":"2015-01-15T18:20:16","guid":{"rendered":"http:\/\/www.novosconfidentes.com.br\/blog\/?p=485"},"modified":"2015-01-21T13:15:34","modified_gmt":"2015-01-21T13:15:34","slug":"calendario-2015-das-assembleias-gerais-plenarias-da-grande-loja-maconica-de-minas-gerais","status":"publish","type":"post","link":"https:\/\/www.novosconfidentes.com.br\/blog\/calendario-2015-das-assembleias-gerais-plenarias-da-grande-loja-maconica-de-minas-gerais\/","title":{"rendered":"Calend\u00e1rio 2015 das Assembleias Gerais Plen\u00e1rias da Grande Loja Ma\u00e7\u00f4nica de Minas Gerais"},"content":{"rendered":"<p>Confira abaixo o Calend\u00e1rio 2015 das Assembleias Gerais Plen\u00e1rias da Grande Loja Ma\u00e7\u00f4nica de Minas Gerais:<\/p>\n<p>21\/03\/2015<\/p>\n<p>Comemora\u00e7\u00e3o do Equin\u00f3cio de Outono (Hemisf\u00e9rio Sul).<\/p>\n<p>20\/06\/2015<\/p>\n<p>Comemora\u00e7\u00e3o do Solst\u00edcio de Inverno (Hemisf\u00e9rio Sul).<br \/>\nPosse do novo Gr\u00e3o Mestrado &#8211; Tri\u00eanio 2015\/2018.<\/p>\n<p>19\/09\/2015<\/p>\n<p>Comemora\u00e7\u00e3o do Equin\u00f3cio da Primavera  (Hemisf\u00e9rio Sul).<\/p>\n<p>12\/12\/2015<\/p>\n<p>Comemora\u00e7\u00e3o do Solst\u00edcio de Ver\u00e3o (Hemisf\u00e9rio Sul).<\/p>\n<p>Fonte: SECOM &#8211; GLMMG<\/p>\n<div class=\"fb_wrap\"><a class=\"fb_link\" onclick=\"fbs_click('https:\/\/www.novosconfidentes.com.br\/blog\/calendario-2015-das-assembleias-gerais-plenarias-da-grande-loja-maconica-de-minas-gerais','');return false;\" href=\"#\">Envie  Facebook<\/a><\/div>","protected":false},"excerpt":{"rendered":"<p>Confira abaixo o Calend\u00e1rio 2015 das Assembleias Gerais Plen\u00e1rias da Grande Loja Ma\u00e7\u00f4nica de Minas Gerais: 21\/03\/2015 Comemora\u00e7\u00e3o do Equin\u00f3cio de Outono (Hemisf\u00e9rio Sul). 20\/06\/2015 Comemora\u00e7\u00e3o do Solst\u00edcio de Inverno (Hemisf\u00e9rio Sul). Posse do novo Gr\u00e3o Mestrado &#8211; Tri\u00eanio 2015\/2018. 19\/09\/2015 Comemora\u00e7\u00e3o do Equin\u00f3cio da Primavera (Hemisf\u00e9rio Sul). 12\/12\/2015 Comemora\u00e7\u00e3o do Solst\u00edcio de Ver\u00e3o (Hemisf\u00e9rio [&hellip;]<\/p>\n","protected":false},"author":1,"featured_media":0,"comment_status":"closed","ping_status":"closed","sticky":false,"template":"","format":"standard","meta":[],"categories":[22,9],"tags":[],"_links":{"self":[{"href":"https:\/\/www.novosconfidentes.com.br\/blog\/wp-json\/wp\/v2\/posts\/485"}],"collection":[{"href":"https:\/\/www.novosconfidentes.com.br\/blog\/wp-json\/wp\/v2\/posts"}],"about":[{"href":"https:\/\/www.novosconfidentes.com.br\/blog\/wp-json\/wp\/v2\/types\/post"}],"author":[{"embeddable":true,"href":"https:\/\/www.novosconfidentes.com.br\/blog\/wp-json\/wp\/v2\/users\/1"}],"replies":[{"embeddable":true,"href":"https:\/\/www.novosconfidentes.com.br\/blog\/wp-json\/wp\/v2\/comments?post=485"}],"version-history":[{"count":2,"href":"https:\/\/www.novosconfidentes.com.br\/blog\/wp-json\/wp\/v2\/posts\/485\/revisions"}],"predecessor-version":[{"id":487,"href":"https:\/\/www.novosconfidentes.com.br\/blog\/wp-json\/wp\/v2\/posts\/485\/revisions\/487"}],"wp:attachment":[{"href":"https:\/\/www.novosconfidentes.com.br\/blog\/wp-json\/wp\/v2\/media?parent=485"}],"wp:term":[{"taxonomy":"category","embeddable":true,"href":"https:\/\/www.novosconfidentes.com.br\/blog\/wp-json\/wp\/v2\/categories?post=485"},{"taxonomy":"post_tag","embeddable":true,"href":"https:\/\/www.novosconfidentes.com.br\/blog\/wp-json\/wp\/v2\/tags?post=485"}],"curies":[{"name":"wp","href":"https:\/\/api.w.org\/{rel}","templated":true}]}}