{"id":490,"date":"2015-01-23T19:05:21","date_gmt":"2015-01-23T19:05:21","guid":{"rendered":"http:\/\/www.novosconfidentes.com.br\/blog\/?p=490"},"modified":"2015-01-23T19:10:00","modified_gmt":"2015-01-23T19:10:00","slug":"grao-mestre-leonel-ricardo-de-andrade-nomeia-os-novos-grandes-1o-e-2o-vigilantes-da-glmmg-ocupacao-temporaria","status":"publish","type":"post","link":"https:\/\/www.novosconfidentes.com.br\/blog\/grao-mestre-leonel-ricardo-de-andrade-nomeia-os-novos-grandes-1o-e-2o-vigilantes-da-glmmg-ocupacao-temporaria\/","title":{"rendered":"Gr\u00e3o-Mestre Leonel Ricardo de Andrade Nomeia os Novos Grandes 1\u00ba e 2\u00ba Vigilantes da GLMMG"},"content":{"rendered":"<p>Assumiram no dia 19\/01\/2015 no Pal\u00e1cio Ma\u00e7\u00f4nico Arlindo dos Santos, os novos Grandes Vigilantes da GLMMG, que ir\u00e3o ocupar os cargos temporariamente, at\u00e9 a Plen\u00e1ria Geral da GLMMG que ocorrer\u00e1 no dia 20\/06\/2015, data prevista para a posse do novo Gr\u00e3o Mestrado que ser\u00e1 eleito para o tri\u00eanio 2015\/2018.<\/p>\n<p>Conforme Ato N\u00ba 1009 do Gr\u00e3o Mestrado, os novos Grandes 1\u00ba e 2\u00ba Vigilantes nomeados s\u00e3o, respectivamente, os irm\u00e3os Ronaldo Armond &#8211; Ex-Vener\u00e1vel Mestre da Loja Novos Confidentes &#8211; N\u00ba 236 de Belo Horizonte (MG) e Ant\u00f4nio Bernardes da Costa Neto &#8211; Ex- Vener\u00e1vel Mestre da Loja Simb\u00f3lica Tiradentes &#8211; N\u00ba 095 de Uberl\u00e2ndia (MG).<\/p>\n<p>Os irm\u00e3os que assumem os cargos de Grandes Vigilantes ocupavam os cargos de Grande 1\u00ba Experto e Grande 2\u00ba Experto e foram nomeados conforme disposi\u00e7\u00f5es do artigo 35, \u00a72\u00ba e do artigo 92 da Constitui\u00e7\u00e3o da GLMMG.<\/p>\n<p>O motivo da mudan\u00e7a dos Grandes Vigilantes da GLMMG \u00e9 devido aos pedidos de desincompatibiliza\u00e7\u00e3o dos Eminentes irm\u00e3os Grande 1\u00ba Vigilante Geraldo Eust\u00e1quio Coelho de Freitas e Grande 2\u00ba Vigilante Edilson de Oliveira que ir\u00e3o concorrer \u00e0s elei\u00e7\u00f5es para o pr\u00f3ximo Gr\u00e3o Mestrado (tri\u00eanio 2015\/2018).<\/p>\n<p>Conforme Circular N\u00ba 104 \/ 2012 a 2015, as Elei\u00e7\u00f5es Gerais para os cargos de Gr\u00e3o-Mestre e Grandes Vigilantes, ocorrer\u00e1 no dia dezoito de maio de 2015 (atendendo o disposto no artigo 84 da Constitui\u00e7\u00e3o da GLMMG).<\/p>\n<p>Ainda, devido \u00e0s movimenta\u00e7\u00f5es que sempre ocorrem no per\u00edodo eleitoral, foram exonerados e nomeados novos Delegados do Gr\u00e3o-Mestre e membros do Corpo Ritual\u00edstico da GLMMG, conforme abaixo:<\/p>\n<p>Exonerados:<\/p>\n<p> &#8211; o irm\u00e3o Sergio Quirino Guimar\u00e3es, Delegado Geral do Gr\u00e3o-Mestre;<\/p>\n<p>&#8211; o irm\u00e3o Kennedy de Souza Crispim, Delegado da 3\u00aa Delegacia Regional de Belo Horizonte;<\/p>\n<p>&#8211; o irm\u00e3o Jo\u00e3o Wagner Candiani, Delegado da 58\u00aa Delegacia Regional de S\u00e3o Sebasti\u00e3o do Para\u00edso;<\/p>\n<p>&#8211; o irm\u00e3o Jos\u00e9 Alves Avelar, Delegado da 79\u00aa Delegacia Regional de Paracatu;<\/p>\n<p>Nomeados:<\/p>\n<p> &#8211; Para o cargo de Delegado Geral do Gr\u00e3o-Mestre o irm\u00e3o Jos\u00e9 Am\u00e2ncio de Lima;<\/p>\n<p>&#8211; Para o cargo de Delegado Geral Adjunto o Irm\u00e3o Milton de Assis;<\/p>\n<p>&#8211; Para o cargo de Delegado da 2\u00aa Delegacia Regional do Gr\u00e3o-Mestre o irm\u00e3o Athayde Ferreira Maciel;<\/p>\n<p>&#8211; Para o cargo de Delegado da 3\u00aa Delegacia Regional do Gr\u00e3o-Mestre o irm\u00e3o Lourival Moreira de Moraes;<\/p>\n<p>&#8211; Para o cargo de Delegado da 58\u00aa Delegacia Regional do Gr\u00e3o-Mestre o irm\u00e3o Rodrigo Goulart;<\/p>\n<p>&#8211; Para o cargo de Delegado da 79\u00aa Delegacia Regional do Gr\u00e3o-Mestre o irm\u00e3o Ros\u00e2ngelo Pereira da Silva;<\/p>\n<p>&#8211; Para o cargo de Grande 1\u00ba Experto o irm\u00e3o Oliveiro \u00c2ngelo Panzera;<\/p>\n<p>&#8211; Para o cargo de Grande 2\u00ba Experto o irm\u00e3o Fernando Borges Beregeno;<\/p>\n<p>&#8211; Para o cargo de Grande Mestre de Cerim\u00f4nias o irm\u00e3o Rane Hormidas Caldas;<\/p>\n<p>&#8211; Para o cargo de Grande 2\u00ba Di\u00e1cono o irm\u00e3o Anderson da Silva Pinto Coelho Calais;<\/p>\n<p>Maiores detalhes sobre as mudan\u00e7as podem ser consultadas na \u00e1rea restrita \u00e0s Lojas, no site da GLMMG, nas documenta\u00e7\u00f5es de Decretos, Atos e Circulares.<\/p>\n<div class=\"fb_wrap\"><a class=\"fb_link\" onclick=\"fbs_click('https:\/\/www.novosconfidentes.com.br\/blog\/grao-mestre-leonel-ricardo-de-andrade-nomeia-os-novos-grandes-1o-e-2o-vigilantes-da-glmmg-ocupacao-temporaria','');return false;\" href=\"#\">Envie  Facebook<\/a><\/div>","protected":false},"excerpt":{"rendered":"<p>Assumiram no dia 19\/01\/2015 no Pal\u00e1cio Ma\u00e7\u00f4nico Arlindo dos Santos, os novos Grandes Vigilantes da GLMMG, que ir\u00e3o ocupar os cargos temporariamente, at\u00e9 a Plen\u00e1ria Geral da GLMMG que ocorrer\u00e1 no dia 20\/06\/2015, data prevista para a posse do novo Gr\u00e3o Mestrado que ser\u00e1 eleito para o tri\u00eanio 2015\/2018. Conforme Ato N\u00ba 1009 do Gr\u00e3o [&hellip;]<\/p>\n","protected":false},"author":1,"featured_media":0,"comment_status":"closed","ping_status":"closed","sticky":false,"template":"","format":"standard","meta":[],"categories":[22,9],"tags":[],"_links":{"self":[{"href":"https:\/\/www.novosconfidentes.com.br\/blog\/wp-json\/wp\/v2\/posts\/490"}],"collection":[{"href":"https:\/\/www.novosconfidentes.com.br\/blog\/wp-json\/wp\/v2\/posts"}],"about":[{"href":"https:\/\/www.novosconfidentes.com.br\/blog\/wp-json\/wp\/v2\/types\/post"}],"author":[{"embeddable":true,"href":"https:\/\/www.novosconfidentes.com.br\/blog\/wp-json\/wp\/v2\/users\/1"}],"replies":[{"embeddable":true,"href":"https:\/\/www.novosconfidentes.com.br\/blog\/wp-json\/wp\/v2\/comments?post=490"}],"version-history":[{"count":4,"href":"https:\/\/www.novosconfidentes.com.br\/blog\/wp-json\/wp\/v2\/posts\/490\/revisions"}],"predecessor-version":[{"id":494,"href":"https:\/\/www.novosconfidentes.com.br\/blog\/wp-json\/wp\/v2\/posts\/490\/revisions\/494"}],"wp:attachment":[{"href":"https:\/\/www.novosconfidentes.com.br\/blog\/wp-json\/wp\/v2\/media?parent=490"}],"wp:term":[{"taxonomy":"category","embeddable":true,"href":"https:\/\/www.novosconfidentes.com.br\/blog\/wp-json\/wp\/v2\/categories?post=490"},{"taxonomy":"post_tag","embeddable":true,"href":"https:\/\/www.novosconfidentes.com.br\/blog\/wp-json\/wp\/v2\/tags?post=490"}],"curies":[{"name":"wp","href":"https:\/\/api.w.org\/{rel}","templated":true}]}}