{"id":831,"date":"2015-07-08T20:21:15","date_gmt":"2015-07-08T20:21:15","guid":{"rendered":"http:\/\/www.novosconfidentes.com.br\/blog\/?p=831"},"modified":"2015-07-08T20:21:15","modified_gmt":"2015-07-08T20:21:15","slug":"1o-vigilante-da-loja-novos-confidentes-recebe-homenagem-4o-regiao-militar-do-exercito","status":"publish","type":"post","link":"https:\/\/www.novosconfidentes.com.br\/blog\/1o-vigilante-da-loja-novos-confidentes-recebe-homenagem-4o-regiao-militar-do-exercito\/","title":{"rendered":"1\u00ba Vigilante da Loja Novos Confidentes recebe homenagem 4\u00ba Regi\u00e3o Militar do Ex\u00e9rcito"},"content":{"rendered":"<p>Ir.\u00b4. R\u00f4mulo Morati recebeu da 4\u00ba Regi\u00e3o Militar do Ex\u00e9rcito, das m\u00e3os do Cmt General de Divis\u00e3o Ara\u00fajo, homenagem com Diploma de Reconhecimento<a href=\"http:\/\/www.novosconfidentes.com.br\/blog\/wp-content\/uploads\/2015\/07\/20150708125509-1.jpg\"><img loading=\"lazy\" class=\"alignnone size-medium wp-image-834\" src=\"http:\/\/www.novosconfidentes.com.br\/blog\/wp-content\/uploads\/2015\/07\/20150708125509-1-300x225.jpg\" alt=\"20150708125509 (1)\" width=\"300\" height=\"225\" srcset=\"https:\/\/www.novosconfidentes.com.br\/blog\/wp-content\/uploads\/2015\/07\/20150708125509-1-300x225.jpg 300w, https:\/\/www.novosconfidentes.com.br\/blog\/wp-content\/uploads\/2015\/07\/20150708125509-1-1024x768.jpg 1024w, https:\/\/www.novosconfidentes.com.br\/blog\/wp-content\/uploads\/2015\/07\/20150708125509-1.jpg 1280w\" sizes=\"(max-width: 300px) 100vw, 300px\" \/><\/a> <a href=\"http:\/\/www.novosconfidentes.com.br\/blog\/wp-content\/uploads\/2015\/07\/20150708125509-2.jpg\"><img loading=\"lazy\" class=\"alignnone size-medium wp-image-835\" src=\"http:\/\/www.novosconfidentes.com.br\/blog\/wp-content\/uploads\/2015\/07\/20150708125509-2-169x300.jpg\" alt=\"20150708125509 (2)\" width=\"169\" height=\"300\" srcset=\"https:\/\/www.novosconfidentes.com.br\/blog\/wp-content\/uploads\/2015\/07\/20150708125509-2-169x300.jpg 169w, https:\/\/www.novosconfidentes.com.br\/blog\/wp-content\/uploads\/2015\/07\/20150708125509-2-576x1024.jpg 576w, https:\/\/www.novosconfidentes.com.br\/blog\/wp-content\/uploads\/2015\/07\/20150708125509-2.jpg 720w\" sizes=\"(max-width: 169px) 100vw, 169px\" \/><\/a> <a href=\"http:\/\/www.novosconfidentes.com.br\/blog\/wp-content\/uploads\/2015\/07\/20150708125509.jpg\"><img loading=\"lazy\" class=\"alignnone size-medium wp-image-836\" src=\"http:\/\/www.novosconfidentes.com.br\/blog\/wp-content\/uploads\/2015\/07\/20150708125509-169x300.jpg\" alt=\"20150708125509\" width=\"169\" height=\"300\" srcset=\"https:\/\/www.novosconfidentes.com.br\/blog\/wp-content\/uploads\/2015\/07\/20150708125509-169x300.jpg 169w, https:\/\/www.novosconfidentes.com.br\/blog\/wp-content\/uploads\/2015\/07\/20150708125509-576x1024.jpg 576w, https:\/\/www.novosconfidentes.com.br\/blog\/wp-content\/uploads\/2015\/07\/20150708125509.jpg 720w\" sizes=\"(max-width: 169px) 100vw, 169px\" \/><\/a> por relevantes servi\u00e7os prestados.<\/p>\n<div class=\"fb_wrap\"><a class=\"fb_link\" onclick=\"fbs_click('https:\/\/www.novosconfidentes.com.br\/blog\/1o-vigilante-da-loja-novos-confidentes-recebe-homenagem-4o-regiao-militar-do-exercito','');return false;\" href=\"#\">Envie  Facebook<\/a><\/div>","protected":false},"excerpt":{"rendered":"<p>Ir.\u00b4. R\u00f4mulo Morati recebeu da 4\u00ba Regi\u00e3o Militar do Ex\u00e9rcito, das m\u00e3os do Cmt General de Divis\u00e3o Ara\u00fajo, homenagem com Diploma de Reconhecimento por relevantes servi\u00e7os prestados. Envie Facebook<\/p>\n","protected":false},"author":1,"featured_media":0,"comment_status":"closed","ping_status":"closed","sticky":false,"template":"","format":"standard","meta":[],"categories":[9],"tags":[],"_links":{"self":[{"href":"https:\/\/www.novosconfidentes.com.br\/blog\/wp-json\/wp\/v2\/posts\/831"}],"collection":[{"href":"https:\/\/www.novosconfidentes.com.br\/blog\/wp-json\/wp\/v2\/posts"}],"about":[{"href":"https:\/\/www.novosconfidentes.com.br\/blog\/wp-json\/wp\/v2\/types\/post"}],"author":[{"embeddable":true,"href":"https:\/\/www.novosconfidentes.com.br\/blog\/wp-json\/wp\/v2\/users\/1"}],"replies":[{"embeddable":true,"href":"https:\/\/www.novosconfidentes.com.br\/blog\/wp-json\/wp\/v2\/comments?post=831"}],"version-history":[{"count":1,"href":"https:\/\/www.novosconfidentes.com.br\/blog\/wp-json\/wp\/v2\/posts\/831\/revisions"}],"predecessor-version":[{"id":837,"href":"https:\/\/www.novosconfidentes.com.br\/blog\/wp-json\/wp\/v2\/posts\/831\/revisions\/837"}],"wp:attachment":[{"href":"https:\/\/www.novosconfidentes.com.br\/blog\/wp-json\/wp\/v2\/media?parent=831"}],"wp:term":[{"taxonomy":"category","embeddable":true,"href":"https:\/\/www.novosconfidentes.com.br\/blog\/wp-json\/wp\/v2\/categories?post=831"},{"taxonomy":"post_tag","embeddable":true,"href":"https:\/\/www.novosconfidentes.com.br\/blog\/wp-json\/wp\/v2\/tags?post=831"}],"curies":[{"name":"wp","href":"https:\/\/api.w.org\/{rel}","templated":true}]}}